{"id":5821,"date":"2024-12-02T09:17:40","date_gmt":"2024-12-02T09:17:40","guid":{"rendered":"https:\/\/alfaview.com?post_type=blog&#038;p=5821"},"modified":"2025-08-08T15:27:03","modified_gmt":"2025-08-08T13:27:03","slug":"home-office-und-produktivitaet","status":"publish","type":"blog","link":"https:\/\/alfaview.com\/de\/blog\/home-office-und-produktivitaet","title":{"rendered":"Home-Office und Produktivit\u00e4t: Wie sinnvoll ist der \u201eReturn to office\u201c-Ansatz?"},"content":{"rendered":"\n<div class=\"wp-block-columns is-layout-flex wp-container-core-columns-is-layout-3d275aac wp-block-columns-is-layout-flex\" style=\"margin-top:var(--wp--preset--spacing--80);margin-bottom:var(--wp--preset--spacing--80)\">\n<div class=\"wp-block-column is-layout-flow wp-block-column-is-layout-flow\" style=\"flex-basis:66.66%\">\n<p style=\"font-size:16px\"><strong>F\u00fcr viele Menschen ist die Arbeit im Home-Office zur Normalit\u00e4t geworden. Jetzt wird zunehmend \u00fcber eine R\u00fcckkehr ins B\u00fcro diskutiert. Bereits vor \u00fcber einem Jahr setzte bei gro\u00dfen Unternehmen in den USA die \u201eReturn to office\u201c-Bewegung ein. Sie haben die Hoffnung, so die Effektivit\u00e4t und Produktivit\u00e4t der Besch\u00e4ftigten zu steigern. Mittlerweile fordern auch in Deutschland Unternehmen wie SAP, Volkswagen oder die Deutsche Bank wieder mehr Pr\u00e4senz von ihren Mitarbeitenden. Aber ist das tats\u00e4chlich sinnvoll?<\/strong><\/p>\n\n\n\n<p>Florian Kunze, Professor f\u00fcr Organizational Behavior und Mitautor der&nbsp;<a href=\"https:\/\/www.polver.uni-konstanz.de\/kunze\/konstanzer-homeoffice-studie\/\" target=\"_blank\" rel=\"noopener\">Konstanzer Home- Office-Studie&nbsp;<\/a>, betont, wie tief der vermeintliche Zusammenhang zwischen Pr\u00e4senz und Produktivit\u00e4t in der deutschen Arbeitskultur verankert ist: Wer beruflich aufsteigen wollte, musste in der Vergangenheit oft viele \u00dcberstunden und eine hohe Pr\u00e4senzzeit am Arbeitsort vorweisen. Diese Vorstellung pr\u00e4gt noch immer deutsche F\u00fchrungsebenen: Arbeiten Mitarbeitende au\u00dferhalb des B\u00fcro, bef\u00fcrchten viele einen Kontrollverlust. \u00dcber 30 % der insgesamt 476 Befragten mit F\u00fchrungsverantwortung \u00e4u\u00dferten im April 2024 die Sorge, Remote Work f\u00fchre zu ineffizienteren Prozessen. Sie sprechen sich f\u00fcr eine st\u00e4rkere Pr\u00e4senzpflicht im Unternehmen aus. Ist die damit verbundene Hoffnung berechtigt, so die Effizienz der Mitarbeitenden zu steigern? Besteht tats\u00e4chlich ein Zusammenhang zwischen der Arbeit im Home-Office und Produktivit\u00e4t?<\/p>\n\n\n\n<h2 class=\"wp-block-heading\">Mehr Pr\u00e4senz steigert nicht die Produktivit\u00e4t<\/h2>\n\n\n\n<p>Eine&nbsp;<a href=\"https:\/\/papers.ssrn.com\/sol3\/papers.cfm?abstract_id=4675401\" target=\"_blank\" rel=\"noopener\">Studie der University of Pittsburgh<\/a>&nbsp;mit \u00fcber 500 amerikanischen Unternehmen liefert keine Hinweise darauf, dass Betriebe, die eine Pr\u00e4senzpflicht einf\u00fchrten, ihre Performance steigern konnten. Mark Ma, Home-Office-Forscher und Mitautor der Studie, bekr\u00e4ftigt, dass Menschen&nbsp;<a href=\"https:\/\/www.heise.de\/hintergrund\/Homeoffice-Forscher-Die-Menschen-koennen-von-zuhause-aus-produktiv-arbeiten-9823045.html\" target=\"_blank\" rel=\"noopener\">sehr produktiv von zu Hause aus arbeiten&nbsp;<\/a>k\u00f6nnten. Das haben die Erfahrungen w\u00e4hrend der Corona-Pandemie gezeigt. Die Aufforderung, wieder im B\u00fcro zu arbeiten, f\u00fchre eher zu einem Einbruch der Arbeitsmoral. Mitarbeitende nehmen sie als Zeichen mangelnden Vertrauens von Seiten der Unternehmensf\u00fchrung wahr. Auch eine im Juni 2024 ver\u00f6ffentlichte&nbsp;<a href=\"https:\/\/www.nature.com\/articles\/s41586-024-07500-2#Sec4\" target=\"_blank\" rel=\"noopener\">chinesische Studie<\/a>&nbsp;konnte keinen Zusammenhang zwischen der Produktivit\u00e4t und dem Anteil der Arbeitszeit im Home-Office feststellen.<\/p>\n\n\n\n<h2 class=\"wp-block-heading\">Mitarbeitende sind im Home-Office zufriedener<\/h2>\n\n\n\n<p>Deutlich erkennbar ist jedoch der Zusammenhang zwischen der M\u00f6glichkeit, im Home-Office zu arbeiten, und der Zufriedenheit der Mitarbeitenden. W\u00e4hrend laut der Konstanzer Studie fast 40 % der Besch\u00e4ftigten mit Pr\u00e4senzpflicht unter Belastungs- und Ersch\u00f6pfungssymptomen leiden, sind es bei denjenigen ohne Pr\u00e4senzpflicht nur etwa 20 %.&nbsp;<a href=\"https:\/\/www.real-estate.bwl.tu-darmstadt.de\/media\/bwl9\/dateien\/arbeitspapiere\/230621_WfH-Studie_2023_TU-Darmstadt.pdf\" target=\"_blank\" rel=\"noopener\">Erkl\u00e4rungen f\u00fcr die gef\u00fchlt gr\u00f6\u00dfere Belastung<\/a>&nbsp;gibt es viele. Der Arbeitsweg ist f\u00fcr viele Menschen mit einem gro\u00dfen Zeitaufwand und Anstrengung verbunden. Auch die Vereinbarkeit von Privat- und Berufsleben ist bei einem hybriden Arbeitsmodell eher gegeben. Klimaschutz\u00fcberlegungen spielen ebenfalls eine Rolle. Durch den wegfallenden Arbeitsweg und eine Reduzierung der B\u00fcrofl\u00e4chen k\u00f6nnen CO2-Emissionen eingespart werden.<\/p>\n\n\n\n<h2 class=\"wp-block-heading\">Zusammenarbeit im virtuellen B\u00fcro beendet die Isolation im Home-Office<\/h2>\n\n\n\n<p>Es ist also nicht \u00fcberraschend, dass nur 9 % der Befragten ausschlie\u00dflich im B\u00fcro arbeiten wollen. Die \u00fcberwiegende Mehrheit bevorzugt ein hybrides Arbeitsmodell oder den Alltag im Home-Office. Diesen verbinden allerdings viele Befragte mit einem Mangel an sozialem Austausch und kreativem Teamwork. Eine moderne Unternehmenskultur, die eine virtuelle Zusammenarbeit erm\u00f6glicht und st\u00e4rkt, bietet hierf\u00fcr eine L\u00f6sung. Die Einrichtung eines<a href=\"\/de\/room-concept\/\">&nbsp;virtuellen B\u00fcros<\/a>, das von allen Besch\u00e4ftigten zu den \u00fcblichen Arbeitszeiten wie ein physisches B\u00fcro als Arbeits- und Begegnungsst\u00e4tte genutzt wird, erm\u00f6glicht einen gemeinsamen Arbeitsalltag. Unabh\u00e4ngig von ihrem Arbeitsort k\u00f6nnen alle im intensiven Austausch bleiben und produktiv zusammenarbeiten. So entsteht auch in der r\u00e4umlichen Distanz ein Teamgef\u00fchl, das vielen Besch\u00e4ftigten fehlt, solange die Arbeit im Home-Office den Ausschluss vom B\u00fcroalltag bedeutet.<\/p>\n\n\n\n<h2 class=\"wp-block-heading\">Fachkr\u00e4fte und Politik fordern flexible Arbeitsmodelle<\/h2>\n\n\n\n<p>Angesichts der aktuellen Studienlage sollten Unternehmen gerade in Zeiten des Fachkr\u00e4ftemangels sehr genau \u00fcberlegen, ob sie eine Pr\u00e4senzpflicht einf\u00fchren wollen. Viele Bewerber:innen setzen mittlerweile hybride Arbeitsmodelle voraus. F\u00fcr jeden vierten Besch\u00e4ftigten stellt die fehlende M\u00f6glichkeit, orts- und zeitflexibel zu arbeiten, einen potentiellen K\u00fcndigungsgrund dar. Abgesehen davon plant die Bundesregierung einen Rechtsanspruch auf Home-Office. Unternehmen sollten also lieber heute als morgen eine Arbeitsumgebung schaffen, in der ihre Mitarbeitenden unabh\u00e4ngig vom physischen Arbeitsort effektiv und produktiv auch im Home-Office zusammenarbeiten k\u00f6nnen.<\/p>\n<\/div>\n\n\n\n<div class=\"wp-block-column is-layout-flow wp-block-column-is-layout-flow\" style=\"flex-basis:33.33%\"><\/div>\n<\/div>\n\n\n\n<p><\/p>\n","protected":false},"excerpt":{"rendered":"<p>F\u00fcr viele Menschen ist die Arbeit im Home-Office zur Normalit\u00e4t geworden. Jetzt wird zunehmend \u00fcber eine R\u00fcckkehr ins B\u00fcro diskutiert. Aber ist das tats\u00e4chlich sinnvoll?<\/p>\n","protected":false},"featured_media":2959,"template":"","meta":[],"blog_category":[45],"class_list":["post-5821","blog","type-blog","status-publish","has-post-thumbnail","hentry","blog_category-new-work"],"_links":{"self":[{"href":"https:\/\/alfaview.com\/de\/wp-json\/wp\/v2\/blog\/5821","targetHints":{"allow":["GET"]}}],"collection":[{"href":"https:\/\/alfaview.com\/de\/wp-json\/wp\/v2\/blog"}],"about":[{"href":"https:\/\/alfaview.com\/de\/wp-json\/wp\/v2\/types\/blog"}],"wp:featuredmedia":[{"embeddable":true,"href":"https:\/\/alfaview.com\/de\/wp-json\/wp\/v2\/media\/2959"}],"wp:attachment":[{"href":"https:\/\/alfaview.com\/de\/wp-json\/wp\/v2\/media?parent=5821"}],"wp:term":[{"taxonomy":"blog_category","embeddable":true,"href":"https:\/\/alfaview.com\/de\/wp-json\/wp\/v2\/blog_category?post=5821"}],"curies":[{"name":"wp","href":"https:\/\/api.w.org\/{rel}","templated":true}]}}