{"id":3342,"date":"2023-02-07T13:59:58","date_gmt":"2023-02-07T13:59:58","guid":{"rendered":"https:\/\/preview.alfaview.com\/?p=3342"},"modified":"2025-07-14T11:56:20","modified_gmt":"2025-07-14T09:56:20","slug":"alfaview-auf-der-didacta-die-bildungsmesse-2023","status":"publish","type":"post","link":"https:\/\/alfaview.com\/de\/alfaview-auf-der-didacta-die-bildungsmesse-2023","title":{"rendered":"alfaview auf der didacta \u2013 die Bildungsmesse 2023"},"content":{"rendered":"\n<p style=\"font-size:25px\"><strong>alfaview pr\u00e4sentiert sich vom 7. bis 11. M\u00e4rz 2023 in Stuttgart auf der wichtigsten europ\u00e4ischen Fachmesse f\u00fcr die Bildungswirtschaft<\/strong><\/p>\n\n\n\n<p>In f\u00fcnf Hallen der Messe Stuttgart bietet die Bildungsbranche einen umfassenden \u00dcberblick \u00fcber die neuesten Entwicklungen und zukunftsweisende Angebote. Im Fokus der diesj\u00e4hrigen&nbsp;<a href=\"https:\/\/www.messe-stuttgart.de\/didacta\/\" target=\"_blank\" rel=\"noopener\">didacta<\/a>, deren Schirmherrschaft das baden-w\u00fcrttembergische Kultusministerium \u00fcbernimmt, steht unter anderem das Thema Digitalisierung und die damit verbundenen Herausforderungen f\u00fcr die Bildungsbranche.<\/p>\n\n\n\n<p>alfaview pr\u00e4sentiert sich auf der Messe als sicherer und zuverl\u00e4ssiger Anbieter f\u00fcr einen standortunabh\u00e4ngigen Pr\u00e4senzunterricht: In virtuellen Klassenzimmern, Seminarr\u00e4umen oder H\u00f6rs\u00e4len k\u00f6nnen Teilnehmende barrierefrei und DSGVO-konform miteinander kommunizieren. Funktionen wie die Bildschirm\u00fcbertragung, die Live-Transkription und Live-\u00dcbersetzung sowie die stabile Verbindung auch bei geringer Bandbreite sorgen daf\u00fcr, dass alfaview als alltagstaugliche und nachhaltige L\u00f6sung bereits seit \u00fcber zehn Jahren erfolgreich im Bildungsbereich eingesetzt wird. alfaview leistet so einen Beitrag zu den dynamischen Reform- und Ver\u00e4nderungsprozessen des gesamten Bildungssektors.<\/p>\n\n\n\n<p>Das alfaview-Team freut sich t\u00e4glich von 9:00 bis 18:00 Uhr auf Ihren Besuch am Messestand in Halle 1, Gang D, Stand 61.<\/p>\n\n\n\n<p>Weitere Informationen zum Besuch der Messe und Tickets:&nbsp;<a href=\"https:\/\/www.messe-stuttgart.de\/didacta\/besucher\" target=\"_blank\" rel=\"noopener\">https:\/\/www.messe-stuttgart.de\/didacta\/besucher<\/a><\/p>\n\n\n\n<p>Das alfaview-Team steht unter +49 721 35450-450 oder info@alfaview.com zur kostenfreien Beratung f\u00fcr eine ma\u00dfgeschneiderte alfaview-L\u00f6sung zur Verf\u00fcgung.<\/p>\n\n\n\n<div style=\"height:100px\" aria-hidden=\"true\" class=\"wp-block-spacer\"><\/div>\n","protected":false},"excerpt":{"rendered":"<p>alfaview pr\u00e4sentiert sich vom 7. bis 11. M\u00e4rz 2023 in Stuttgart auf der wichtigsten europ\u00e4ischen Fachmesse f\u00fcr die<i class=\"icon excerpt-icon icon-ic_arrow_forward_24dp\"><\/i><\/p>\n","protected":false},"author":6,"featured_media":3343,"comment_status":"closed","ping_status":"closed","sticky":false,"template":"","format":"standard","meta":{"footnotes":""},"categories":[34],"tags":[],"class_list":["post-3342","post","type-post","status-publish","format-standard","has-post-thumbnail","hentry","category-bildung"],"_links":{"self":[{"href":"https:\/\/alfaview.com\/de\/wp-json\/wp\/v2\/posts\/3342","targetHints":{"allow":["GET"]}}],"collection":[{"href":"https:\/\/alfaview.com\/de\/wp-json\/wp\/v2\/posts"}],"about":[{"href":"https:\/\/alfaview.com\/de\/wp-json\/wp\/v2\/types\/post"}],"author":[{"embeddable":true,"href":"https:\/\/alfaview.com\/de\/wp-json\/wp\/v2\/users\/6"}],"replies":[{"embeddable":true,"href":"https:\/\/alfaview.com\/de\/wp-json\/wp\/v2\/comments?post=3342"}],"version-history":[{"count":4,"href":"https:\/\/alfaview.com\/de\/wp-json\/wp\/v2\/posts\/3342\/revisions"}],"predecessor-version":[{"id":8199,"href":"https:\/\/alfaview.com\/de\/wp-json\/wp\/v2\/posts\/3342\/revisions\/8199"}],"wp:featuredmedia":[{"embeddable":true,"href":"https:\/\/alfaview.com\/de\/wp-json\/wp\/v2\/media\/3343"}],"wp:attachment":[{"href":"https:\/\/alfaview.com\/de\/wp-json\/wp\/v2\/media?parent=3342"}],"wp:term":[{"taxonomy":"category","embeddable":true,"href":"https:\/\/alfaview.com\/de\/wp-json\/wp\/v2\/categories?post=3342"},{"taxonomy":"post_tag","embeddable":true,"href":"https:\/\/alfaview.com\/de\/wp-json\/wp\/v2\/tags?post=3342"}],"curies":[{"name":"wp","href":"https:\/\/api.w.org\/{rel}","templated":true}]}}