{"id":3358,"date":"2023-03-07T14:31:45","date_gmt":"2023-03-07T14:31:45","guid":{"rendered":"https:\/\/preview.alfaview.com\/?p=3358"},"modified":"2025-08-07T16:32:58","modified_gmt":"2025-08-07T14:32:58","slug":"alfaview-auf-der-work-culture-konferenz","status":"publish","type":"post","link":"https:\/\/alfaview.com\/de\/alfaview-auf-der-work-culture-konferenz","title":{"rendered":"alfaview auf der Work &amp; Culture-Konferenz"},"content":{"rendered":"\n<figure class=\"wp-block-video\"><video height=\"1080\" style=\"aspect-ratio: 1920 \/ 1080;\" width=\"1920\" controls poster=\"https:\/\/alfaview.com\/wp-content\/uploads\/2024\/12\/alfaview_auf_der_Work_Culture_Konferenz.png\" src=\"https:\/\/alfaview.com\/wp-content\/uploads\/2023\/03\/alfaview-presentation-web.mp4\"><\/video><\/figure>\n\n\n\n<p style=\"font-size:25px\"><strong>alfaview pr\u00e4sentierte sich am 2. M\u00e4rz 2023 mit einem Vortrag zum Thema New Work<\/strong><\/p>\n\n\n\n<p>New Work und die damit verbundene Entwicklung neuer Unternehmens- und F\u00fchrungskulturen standen im Fokus der diesj\u00e4hrigen&nbsp;<a href=\"https:\/\/www.work-culture.de\/\" target=\"_blank\" rel=\"noopener\">Work &amp; Culture-Konferenz<\/a>. Das Event wurden vom Branchenverband der deutschen Informations- und Telekommunikationsbranche&nbsp;<a href=\"https:\/\/www.bitkom.org\/\" target=\"_blank\" rel=\"noopener\">bitkom<\/a>&nbsp;zum dritten Mal organisiert. Als Vorreiter im Bereich der digitalen Transformation und hybrider Arbeitsmodelle war auch alfaview mit einem Vortrag dabei.<\/p>\n\n\n\n<p>Wie k\u00f6nnen sich Unternehmen von alten Normen l\u00f6sen und zuk\u00fcnftig als Full Digital Company zum Branchenf\u00fchrer werden? Bei dieser Herausforderung m\u00fcssen verschiedenste Aspekte bedacht werden, die Armin Schweinfurth, Business Development Manager bei alfaview, in seinem Vortrag aufzeigte.<\/p>\n\n\n\n<p>Gelingt es, den Arbeitsalltag erfolgreich remote zu gestalten, profitiert nicht nur das gesamte Team von einer besseren Work-Life-Balance, sondern auch die Umwelt von einer ressourcenschonenderen und nachhaltigeren Unternehmenskultur. Grundlegend daf\u00fcr ist eine stabile und sichere Kommunikationsplattform wie alfaview, die alle Kolleg:innen miteinander verbindet und eine feste Struktur f\u00fcr die Zusammenarbeit bietet.<\/p>\n","protected":false},"excerpt":{"rendered":"<p>alfaview pr\u00e4sentierte sich am 2. M\u00e4rz 2023 mit einem Vortrag zum Thema New Work New Work und die<i class=\"icon excerpt-icon icon-ic_arrow_forward_24dp\"><\/i><\/p>\n","protected":false},"author":6,"featured_media":3361,"comment_status":"closed","ping_status":"closed","sticky":false,"template":"","format":"standard","meta":{"footnotes":""},"categories":[26,24],"tags":[],"class_list":["post-3358","post","type-post","status-publish","format-standard","has-post-thumbnail","hentry","category-netzwelt","category-wirtschaft"],"_links":{"self":[{"href":"https:\/\/alfaview.com\/de\/wp-json\/wp\/v2\/posts\/3358","targetHints":{"allow":["GET"]}}],"collection":[{"href":"https:\/\/alfaview.com\/de\/wp-json\/wp\/v2\/posts"}],"about":[{"href":"https:\/\/alfaview.com\/de\/wp-json\/wp\/v2\/types\/post"}],"author":[{"embeddable":true,"href":"https:\/\/alfaview.com\/de\/wp-json\/wp\/v2\/users\/6"}],"replies":[{"embeddable":true,"href":"https:\/\/alfaview.com\/de\/wp-json\/wp\/v2\/comments?post=3358"}],"version-history":[{"count":8,"href":"https:\/\/alfaview.com\/de\/wp-json\/wp\/v2\/posts\/3358\/revisions"}],"predecessor-version":[{"id":8564,"href":"https:\/\/alfaview.com\/de\/wp-json\/wp\/v2\/posts\/3358\/revisions\/8564"}],"wp:featuredmedia":[{"embeddable":true,"href":"https:\/\/alfaview.com\/de\/wp-json\/wp\/v2\/media\/3361"}],"wp:attachment":[{"href":"https:\/\/alfaview.com\/de\/wp-json\/wp\/v2\/media?parent=3358"}],"wp:term":[{"taxonomy":"category","embeddable":true,"href":"https:\/\/alfaview.com\/de\/wp-json\/wp\/v2\/categories?post=3358"},{"taxonomy":"post_tag","embeddable":true,"href":"https:\/\/alfaview.com\/de\/wp-json\/wp\/v2\/tags?post=3358"}],"curies":[{"name":"wp","href":"https:\/\/api.w.org\/{rel}","templated":true}]}}